{"id":10025,"date":"2022-07-19T15:43:24","date_gmt":"2022-07-19T15:43:24","guid":{"rendered":"https:\/\/seclasa.com\/lean-ampliacio-laboratori-territorial-ias-salt\/"},"modified":"2022-07-19T15:45:24","modified_gmt":"2022-07-19T15:45:24","slug":"lean-ampliacion-laboratori-territorial-ias-salt","status":"publish","type":"post","link":"https:\/\/seclasa.com\/es\/lean-ampliacion-laboratori-territorial-ias-salt\/","title":{"rendered":"Metodolog\u00eda LEAN en las obras de ampliaci\u00f3n del laboratorio territorial del Parque Hospitalario Mart\u00ed i Juli\u00e0 de Salt"},"content":{"rendered":"<p>Seclasa est\u00e1 ejecutando las obras de ampliaci\u00f3n del laboratorio territorial de gen\u00e9tica, ubicado en la planta s\u00f3tano del edificio Sociosanitario en el Parque Hospitalario Mart\u00ed i Juli\u00e0 de Salt, en UTE junto a Sogesa Instalaciones Integrales. El \u00e1rea donde se est\u00e1 realizando la obra anteriormente era un almac\u00e9n que se ha reubicado en otra \u00e1rea del hospital.<\/p>\n<p>El proyecto ejecutivo ha sido redactado por la UTE formada por los despachos de arquitectos Sulkin Marchissio SCP y Llongueres Cotet Arquitectes SLP. El promotor de las obras es el Instituto de Asistencia Sanitaria (IAS) una empresa p\u00fablica que forma parte de la red sanitaria y social de cobertura p\u00fablica de la Generalidad de Catalu\u00f1a, a trav\u00e9s de la concertaci\u00f3n con el Departamento de Salud y el Departamento de Bienestar y Familia.<\/p>\n<p>El proyecto se basa en la construcci\u00f3n de la nueva \u00e1rea de laboratorio en la planta s\u00f3tano y una planta altillo que contendr\u00e1 las instalaciones necesarias para el mismo.<\/p>\n<p>El laboratorio tendr\u00e1 dos accesos para el personal, uno m\u00e1s principal conectado con el interior del Hospital en relaci\u00f3n al n\u00facleo de comunicaci\u00f3n y al actual laboratorio territorial, y el otro m\u00e1s secundario a trav\u00e9s de una salida de emergencia existente.<\/p>\n<p>En esta obra hemos integrado la <strong>metodolog\u00eda LEAN<\/strong> para la gesti\u00f3n del proyecto. Esta metodolog\u00eda se basa en un sistema de trabajo colaborativo, donde todos los agentes que intervienen en el proyecto trabajan con una visi\u00f3n global y con unos objetivos claros para planificar de manera exhaustiva, optimizando los recursos y el talento y controlando la producci\u00f3n y la entrega final.<\/p>\n<p><img fetchpriority=\"high\" decoding=\"async\" class=\" wp-image-10022 aligncenter\" src=\"https:\/\/seclasa.com\/wp-content\/uploads\/2022\/07\/20220201_115050-300x169.jpg\" alt=\"\" width=\"378\" height=\"213\" srcset=\"https:\/\/seclasa.com\/wp-content\/uploads\/2022\/07\/20220201_115050-300x169.jpg 300w, https:\/\/seclasa.com\/wp-content\/uploads\/2022\/07\/20220201_115050-1024x576.jpg 1024w, https:\/\/seclasa.com\/wp-content\/uploads\/2022\/07\/20220201_115050-768x432.jpg 768w, https:\/\/seclasa.com\/wp-content\/uploads\/2022\/07\/20220201_115050-1536x864.jpg 1536w, https:\/\/seclasa.com\/wp-content\/uploads\/2022\/07\/20220201_115050-2048x1152.jpg 2048w\" sizes=\"(max-width: 378px) 100vw, 378px\" \/><\/p>\n<p>Esta metodolog\u00eda Last Planner System (LPS) se ha aplicado desde unas semanas antes del inicio de la obra, con la realizaci\u00f3n de la Planificaci\u00f3n Maestra y la Planificaci\u00f3n Pull de fases donde particip\u00f3 todo el equipo de obra, incluida la direcci\u00f3n facultativa. A d\u00eda de hoy, se realizan las reuniones semanales donde intervienen todos los agentes implicados diariamente en la obra para evaluar el trabajo realizado durante la semana anterior, analizar el plan a medio plazo (Look Ahead Plan) y para validar y comprometer con el plan de la semana siguiente.<\/p>\n","protected":false},"excerpt":{"rendered":"<p>Seclasa est\u00e1 ejecutando las obras de ampliaci\u00f3n del laboratorio territorial de gen\u00e9tica, ubicado en la planta s\u00f3tano del edificio Sociosanitario en el Parque Hospitalario Mart\u00ed i Juli\u00e0 de Salt, en UTE junto a Sogesa Instalaciones Integrales. El \u00e1rea donde se est\u00e1 realizando la obra anteriormente era un almac\u00e9n que se ha reubicado en otra \u00e1rea [&hellip;]<\/p>\n","protected":false},"author":3,"featured_media":10020,"comment_status":"closed","ping_status":"closed","sticky":false,"template":"","format":"standard","meta":{"_acf_changed":false,"footnotes":""},"categories":[82],"tags":[],"class_list":["post-10025","post","type-post","status-publish","format-standard","has-post-thumbnail","hentry","category-noticias"],"acf":[],"yoast_head":"<!-- This site is optimized with the Yoast SEO plugin v25.6 - https:\/\/yoast.com\/wordpress\/plugins\/seo\/ -->\n<title>Metodolog\u00eda LEAN en las obras de ampliaci\u00f3n del laboratorio territorial del Parque Hospitalario Mart\u00ed i Juli\u00e0 de Salt - SECLASA<\/title>\n<meta name=\"robots\" content=\"index, follow, max-snippet:-1, max-image-preview:large, max-video-preview:-1\" \/>\n<link rel=\"canonical\" href=\"https:\/\/seclasa.com\/es\/lean-ampliacion-laboratori-territorial-ias-salt\/\" \/>\n<meta property=\"og:locale\" content=\"es_ES\" \/>\n<meta property=\"og:type\" content=\"article\" \/>\n<meta property=\"og:title\" content=\"Metodolog\u00eda LEAN en las obras de ampliaci\u00f3n del laboratorio territorial del Parque Hospitalario Mart\u00ed i Juli\u00e0 de Salt - SECLASA\" \/>\n<meta property=\"og:description\" content=\"Seclasa est\u00e1 ejecutando las obras de ampliaci\u00f3n del laboratorio territorial de gen\u00e9tica, ubicado en la planta s\u00f3tano del edificio Sociosanitario en el Parque Hospitalario Mart\u00ed i Juli\u00e0 de Salt, en UTE junto a Sogesa Instalaciones Integrales. El \u00e1rea donde se est\u00e1 realizando la obra anteriormente era un almac\u00e9n que se ha reubicado en otra \u00e1rea [&hellip;]\" \/>\n<meta property=\"og:url\" content=\"https:\/\/seclasa.com\/es\/lean-ampliacion-laboratori-territorial-ias-salt\/\" \/>\n<meta property=\"og:site_name\" content=\"SECLASA\" \/>\n<meta property=\"article:published_time\" content=\"2022-07-19T15:43:24+00:00\" \/>\n<meta property=\"article:modified_time\" content=\"2022-07-19T15:45:24+00:00\" \/>\n<meta property=\"og:image\" content=\"https:\/\/seclasa.com\/wp-content\/uploads\/2022\/07\/1657616120525-scaled.jpg\" \/>\n\t<meta property=\"og:image:width\" content=\"2560\" \/>\n\t<meta property=\"og:image:height\" content=\"1920\" \/>\n\t<meta property=\"og:image:type\" content=\"image\/jpeg\" \/>\n<meta name=\"twitter:card\" content=\"summary_large_image\" \/>\n<meta name=\"twitter:label1\" content=\"Escrito por\" \/>\n\t<meta name=\"twitter:data1\" content=\"\" \/>\n\t<meta name=\"twitter:label2\" content=\"Tiempo de lectura\" \/>\n\t<meta name=\"twitter:data2\" content=\"3 minutos\" \/>\n<script type=\"application\/ld+json\" class=\"yoast-schema-graph\">{\"@context\":\"https:\/\/schema.org\",\"@graph\":[{\"@type\":\"WebPage\",\"@id\":\"https:\/\/seclasa.com\/es\/lean-ampliacion-laboratori-territorial-ias-salt\/\",\"url\":\"https:\/\/seclasa.com\/es\/lean-ampliacion-laboratori-territorial-ias-salt\/\",\"name\":\"Metodolog\u00eda LEAN en las obras de ampliaci\u00f3n del laboratorio territorial del Parque Hospitalario Mart\u00ed i Juli\u00e0 de Salt - SECLASA\",\"isPartOf\":{\"@id\":\"https:\/\/seclasa.com\/es\/#website\"},\"primaryImageOfPage\":{\"@id\":\"https:\/\/seclasa.com\/es\/lean-ampliacion-laboratori-territorial-ias-salt\/#primaryimage\"},\"image\":{\"@id\":\"https:\/\/seclasa.com\/es\/lean-ampliacion-laboratori-territorial-ias-salt\/#primaryimage\"},\"thumbnailUrl\":\"https:\/\/seclasa.com\/wp-content\/uploads\/2022\/07\/1657616120525-scaled.jpg\",\"datePublished\":\"2022-07-19T15:43:24+00:00\",\"dateModified\":\"2022-07-19T15:45:24+00:00\",\"author\":{\"@id\":\"\"},\"breadcrumb\":{\"@id\":\"https:\/\/seclasa.com\/es\/lean-ampliacion-laboratori-territorial-ias-salt\/#breadcrumb\"},\"inLanguage\":\"es\",\"potentialAction\":[{\"@type\":\"ReadAction\",\"target\":[\"https:\/\/seclasa.com\/es\/lean-ampliacion-laboratori-territorial-ias-salt\/\"]}]},{\"@type\":\"ImageObject\",\"inLanguage\":\"es\",\"@id\":\"https:\/\/seclasa.com\/es\/lean-ampliacion-laboratori-territorial-ias-salt\/#primaryimage\",\"url\":\"https:\/\/seclasa.com\/wp-content\/uploads\/2022\/07\/1657616120525-scaled.jpg\",\"contentUrl\":\"https:\/\/seclasa.com\/wp-content\/uploads\/2022\/07\/1657616120525-scaled.jpg\",\"width\":2560,\"height\":1920},{\"@type\":\"BreadcrumbList\",\"@id\":\"https:\/\/seclasa.com\/es\/lean-ampliacion-laboratori-territorial-ias-salt\/#breadcrumb\",\"itemListElement\":[{\"@type\":\"ListItem\",\"position\":1,\"name\":\"Inici\",\"item\":\"https:\/\/seclasa.com\/es\/\"},{\"@type\":\"ListItem\",\"position\":2,\"name\":\"Metodolog\u00eda LEAN en las obras de ampliaci\u00f3n del laboratorio territorial del Parque Hospitalario Mart\u00ed i Juli\u00e0 de Salt\"}]},{\"@type\":\"WebSite\",\"@id\":\"https:\/\/seclasa.com\/es\/#website\",\"url\":\"https:\/\/seclasa.com\/es\/\",\"name\":\"SECLASA\",\"description\":\"Construcci\u00f3 i rehabilitaci\u00f3\",\"potentialAction\":[{\"@type\":\"SearchAction\",\"target\":{\"@type\":\"EntryPoint\",\"urlTemplate\":\"https:\/\/seclasa.com\/es\/?s={search_term_string}\"},\"query-input\":{\"@type\":\"PropertyValueSpecification\",\"valueRequired\":true,\"valueName\":\"search_term_string\"}}],\"inLanguage\":\"es\"},{\"@type\":\"Person\",\"@id\":\"\",\"url\":\"https:\/\/seclasa.com\/es\/author\/\"}]}<\/script>\n<!-- \/ Yoast SEO plugin. -->","yoast_head_json":{"title":"Metodolog\u00eda LEAN en las obras de ampliaci\u00f3n del laboratorio territorial del Parque Hospitalario Mart\u00ed i Juli\u00e0 de Salt - SECLASA","robots":{"index":"index","follow":"follow","max-snippet":"max-snippet:-1","max-image-preview":"max-image-preview:large","max-video-preview":"max-video-preview:-1"},"canonical":"https:\/\/seclasa.com\/es\/lean-ampliacion-laboratori-territorial-ias-salt\/","og_locale":"es_ES","og_type":"article","og_title":"Metodolog\u00eda LEAN en las obras de ampliaci\u00f3n del laboratorio territorial del Parque Hospitalario Mart\u00ed i Juli\u00e0 de Salt - SECLASA","og_description":"Seclasa est\u00e1 ejecutando las obras de ampliaci\u00f3n del laboratorio territorial de gen\u00e9tica, ubicado en la planta s\u00f3tano del edificio Sociosanitario en el Parque Hospitalario Mart\u00ed i Juli\u00e0 de Salt, en UTE junto a Sogesa Instalaciones Integrales. El \u00e1rea donde se est\u00e1 realizando la obra anteriormente era un almac\u00e9n que se ha reubicado en otra \u00e1rea [&hellip;]","og_url":"https:\/\/seclasa.com\/es\/lean-ampliacion-laboratori-territorial-ias-salt\/","og_site_name":"SECLASA","article_published_time":"2022-07-19T15:43:24+00:00","article_modified_time":"2022-07-19T15:45:24+00:00","og_image":[{"width":2560,"height":1920,"url":"https:\/\/seclasa.com\/wp-content\/uploads\/2022\/07\/1657616120525-scaled.jpg","type":"image\/jpeg"}],"twitter_card":"summary_large_image","twitter_misc":{"Escrito por":"","Tiempo de lectura":"3 minutos"},"schema":{"@context":"https:\/\/schema.org","@graph":[{"@type":"WebPage","@id":"https:\/\/seclasa.com\/es\/lean-ampliacion-laboratori-territorial-ias-salt\/","url":"https:\/\/seclasa.com\/es\/lean-ampliacion-laboratori-territorial-ias-salt\/","name":"Metodolog\u00eda LEAN en las obras de ampliaci\u00f3n del laboratorio territorial del Parque Hospitalario Mart\u00ed i Juli\u00e0 de Salt - SECLASA","isPartOf":{"@id":"https:\/\/seclasa.com\/es\/#website"},"primaryImageOfPage":{"@id":"https:\/\/seclasa.com\/es\/lean-ampliacion-laboratori-territorial-ias-salt\/#primaryimage"},"image":{"@id":"https:\/\/seclasa.com\/es\/lean-ampliacion-laboratori-territorial-ias-salt\/#primaryimage"},"thumbnailUrl":"https:\/\/seclasa.com\/wp-content\/uploads\/2022\/07\/1657616120525-scaled.jpg","datePublished":"2022-07-19T15:43:24+00:00","dateModified":"2022-07-19T15:45:24+00:00","author":{"@id":""},"breadcrumb":{"@id":"https:\/\/seclasa.com\/es\/lean-ampliacion-laboratori-territorial-ias-salt\/#breadcrumb"},"inLanguage":"es","potentialAction":[{"@type":"ReadAction","target":["https:\/\/seclasa.com\/es\/lean-ampliacion-laboratori-territorial-ias-salt\/"]}]},{"@type":"ImageObject","inLanguage":"es","@id":"https:\/\/seclasa.com\/es\/lean-ampliacion-laboratori-territorial-ias-salt\/#primaryimage","url":"https:\/\/seclasa.com\/wp-content\/uploads\/2022\/07\/1657616120525-scaled.jpg","contentUrl":"https:\/\/seclasa.com\/wp-content\/uploads\/2022\/07\/1657616120525-scaled.jpg","width":2560,"height":1920},{"@type":"BreadcrumbList","@id":"https:\/\/seclasa.com\/es\/lean-ampliacion-laboratori-territorial-ias-salt\/#breadcrumb","itemListElement":[{"@type":"ListItem","position":1,"name":"Inici","item":"https:\/\/seclasa.com\/es\/"},{"@type":"ListItem","position":2,"name":"Metodolog\u00eda LEAN en las obras de ampliaci\u00f3n del laboratorio territorial del Parque Hospitalario Mart\u00ed i Juli\u00e0 de Salt"}]},{"@type":"WebSite","@id":"https:\/\/seclasa.com\/es\/#website","url":"https:\/\/seclasa.com\/es\/","name":"SECLASA","description":"Construcci\u00f3 i rehabilitaci\u00f3","potentialAction":[{"@type":"SearchAction","target":{"@type":"EntryPoint","urlTemplate":"https:\/\/seclasa.com\/es\/?s={search_term_string}"},"query-input":{"@type":"PropertyValueSpecification","valueRequired":true,"valueName":"search_term_string"}}],"inLanguage":"es"},{"@type":"Person","@id":"","url":"https:\/\/seclasa.com\/es\/author\/"}]}},"_links":{"self":[{"href":"https:\/\/seclasa.com\/es\/wp-json\/wp\/v2\/posts\/10025","targetHints":{"allow":["GET"]}}],"collection":[{"href":"https:\/\/seclasa.com\/es\/wp-json\/wp\/v2\/posts"}],"about":[{"href":"https:\/\/seclasa.com\/es\/wp-json\/wp\/v2\/types\/post"}],"author":[{"embeddable":true,"href":"https:\/\/seclasa.com\/es\/wp-json\/wp\/v2\/users\/3"}],"replies":[{"embeddable":true,"href":"https:\/\/seclasa.com\/es\/wp-json\/wp\/v2\/comments?post=10025"}],"version-history":[{"count":2,"href":"https:\/\/seclasa.com\/es\/wp-json\/wp\/v2\/posts\/10025\/revisions"}],"predecessor-version":[{"id":10027,"href":"https:\/\/seclasa.com\/es\/wp-json\/wp\/v2\/posts\/10025\/revisions\/10027"}],"wp:featuredmedia":[{"embeddable":true,"href":"https:\/\/seclasa.com\/es\/wp-json\/wp\/v2\/media\/10020"}],"wp:attachment":[{"href":"https:\/\/seclasa.com\/es\/wp-json\/wp\/v2\/media?parent=10025"}],"wp:term":[{"taxonomy":"category","embeddable":true,"href":"https:\/\/seclasa.com\/es\/wp-json\/wp\/v2\/categories?post=10025"},{"taxonomy":"post_tag","embeddable":true,"href":"https:\/\/seclasa.com\/es\/wp-json\/wp\/v2\/tags?post=10025"}],"curies":[{"name":"wp","href":"https:\/\/api.w.org\/{rel}","templated":true}]}}