{"id":10320,"date":"2022-11-09T12:31:36","date_gmt":"2022-11-09T10:31:36","guid":{"rendered":"https:\/\/seclasa.com\/construccio-clt\/"},"modified":"2022-11-09T12:39:34","modified_gmt":"2022-11-09T10:39:34","slug":"construccion-clt","status":"publish","type":"post","link":"https:\/\/seclasa.com\/es\/construccion-clt\/","title":{"rendered":"CONSTRUCCI\u00d3N DE UNA ESCUELA INFANTIL CON MADERA CONTRA LAMINADA CLT"},"content":{"rendered":"<p>En Seclasa estamos acabando el montaje de un edificio para una escuela infantil con estructura de madera.<\/p>\n<p>Se trata de la <strong>Escuela Infantil de Sant Vicen\u00e7 dels Horts<\/strong>, un proyecto que se resuelve casi \u00edntegramente a partir de <strong>paneles de madera contra laminada CLT y j\u00e1cenas de madera laminada<\/strong>. Las cubiertas tambi\u00e9n se resuelven con un sistema de entramado de madera que incorpora en su interior el aislamiento t\u00e9rmico. La escalera principal del edificio la hemos montado \u00edntegramente con madera contra laminada CLT y se encuentra apoyada sobre paneles verticales del mismo material.<\/p>\n<p>Con la incorporaci\u00f3n de la madera en este proyecto<strong>, <\/strong><strong>Seclasa<\/strong> <strong>garantiza la utilizaci\u00f3n de uno de los materiales m\u00e1s sostenibles que existen<\/strong>: la madera crece de forma natural, es 100% reciclable y biodegradable, absorbe el CO2 en su generaci\u00f3n y reduce las emisiones en un 75 % durante la obra.<\/p>\n<p>La madera tambi\u00e9n es <strong>garant\u00eda de resistencia y durabilidad<\/strong> en el tiempo, adem\u00e1s de un excelente <strong>aislante t\u00e9rmico, el\u00e9ctrico y ac\u00fastico<\/strong> mejorando el confort y la salubridad en el interior de los edificios. La madera contra laminada CLT se fabrica bajo una normativa muy estricta que ofrece todas las garant\u00edas de resistencia al fuego. Se pueden conseguir f\u00e1cilmente tiempos que van desde los 30 minutos hasta las 4 horas, en las que s\u00f3lo se queman las capas externas de la madera, mientras que las internas mantienen la estructura.<\/p>\n<p style=\"text-align: center;\"><img fetchpriority=\"high\" decoding=\"async\" class=\"alignnone wp-image-10314\" src=\"https:\/\/seclasa.com\/wp-content\/uploads\/2022\/11\/CLT4-169x300.png\" alt=\"\" width=\"296\" height=\"525\" srcset=\"https:\/\/seclasa.com\/wp-content\/uploads\/2022\/11\/CLT4-169x300.png 169w, https:\/\/seclasa.com\/wp-content\/uploads\/2022\/11\/CLT4-576x1024.png 576w, https:\/\/seclasa.com\/wp-content\/uploads\/2022\/11\/CLT4-768x1365.png 768w, https:\/\/seclasa.com\/wp-content\/uploads\/2022\/11\/CLT4-864x1536.png 864w, https:\/\/seclasa.com\/wp-content\/uploads\/2022\/11\/CLT4.png 1080w\" sizes=\"(max-width: 296px) 100vw, 296px\" \/> <img decoding=\"async\" class=\"alignnone wp-image-10312\" src=\"https:\/\/seclasa.com\/wp-content\/uploads\/2022\/11\/CLT3-169x300.png\" alt=\"\" width=\"296\" height=\"526\" srcset=\"https:\/\/seclasa.com\/wp-content\/uploads\/2022\/11\/CLT3-169x300.png 169w, https:\/\/seclasa.com\/wp-content\/uploads\/2022\/11\/CLT3-576x1024.png 576w, https:\/\/seclasa.com\/wp-content\/uploads\/2022\/11\/CLT3-768x1365.png 768w, https:\/\/seclasa.com\/wp-content\/uploads\/2022\/11\/CLT3-864x1536.png 864w, https:\/\/seclasa.com\/wp-content\/uploads\/2022\/11\/CLT3.png 1080w\" sizes=\"(max-width: 296px) 100vw, 296px\" \/> <img decoding=\"async\" class=\"alignnone wp-image-10310\" src=\"https:\/\/seclasa.com\/wp-content\/uploads\/2022\/11\/CLT2-169x300.png\" alt=\"\" width=\"296\" height=\"525\" srcset=\"https:\/\/seclasa.com\/wp-content\/uploads\/2022\/11\/CLT2-169x300.png 169w, https:\/\/seclasa.com\/wp-content\/uploads\/2022\/11\/CLT2-576x1024.png 576w, https:\/\/seclasa.com\/wp-content\/uploads\/2022\/11\/CLT2-768x1365.png 768w, https:\/\/seclasa.com\/wp-content\/uploads\/2022\/11\/CLT2-864x1536.png 864w, https:\/\/seclasa.com\/wp-content\/uploads\/2022\/11\/CLT2.png 1080w\" sizes=\"(max-width: 296px) 100vw, 296px\" \/><\/p>\n<p>Durante el proceso de construcci\u00f3n hemos conseguido <strong>reducir el tiempo de producci\u00f3n y de ejecuci\u00f3n de las obras en un 30% respecto a la construcci\u00f3n tradicional<\/strong>. El tiempo de preparaci\u00f3n de las piezas es corto con un alto nivel de prefabricaci\u00f3n. Los paneles de CLT son tratados en taller donde ya se prev\u00e9n las juntas, las aperturas y las perforaciones espec\u00edficas de proyecto. Los paneles se transportan en cami\u00f3n hasta pie de obra y, con la ayuda de una gr\u00faa de grandes dimensiones permite que su montaje sea r\u00e1pido.<\/p>\n<p>Aunque el coste del material es elevado, <strong>las ventajas que nos ha dado en cuanto a menor tiempo de ejecuci\u00f3n, mayor control de calidad, el hecho de no generar residuos de construcci\u00f3n y la limpieza en obra<\/strong> hacen que <strong>Seclasa<\/strong> pretenda seguir trabajando con este tipo de material en sus futuros proyectos.<\/p>\n<p><strong>El sector de la construcci\u00f3n debe seguir innovando y la madera es un paso m\u00e1s hacia la evoluci\u00f3n eficiente y el respeto por el medio ambiente.<\/strong><\/p>\n","protected":false},"excerpt":{"rendered":"<p>En Seclasa estamos acabando el montaje de un edificio para una escuela infantil con estructura de madera. Se trata de la Escuela Infantil de Sant Vicen\u00e7 dels Horts, un proyecto que se resuelve casi \u00edntegramente a partir de paneles de madera contra laminada CLT y j\u00e1cenas de madera laminada. Las cubiertas tambi\u00e9n se resuelven con [&hellip;]<\/p>\n","protected":false},"author":3,"featured_media":10309,"comment_status":"closed","ping_status":"closed","sticky":false,"template":"","format":"standard","meta":{"_acf_changed":false,"footnotes":""},"categories":[],"tags":[],"class_list":["post-10320","post","type-post","status-publish","format-standard","has-post-thumbnail","hentry"],"acf":[],"yoast_head":"<!-- This site is optimized with the Yoast SEO plugin v25.6 - https:\/\/yoast.com\/wordpress\/plugins\/seo\/ -->\n<title>CONSTRUCCI\u00d3N DE UNA ESCUELA INFANTIL CON MADERA CONTRA LAMINADA CLT - SECLASA<\/title>\n<meta name=\"robots\" content=\"index, follow, max-snippet:-1, max-image-preview:large, max-video-preview:-1\" \/>\n<link rel=\"canonical\" href=\"https:\/\/seclasa.com\/es\/construccion-clt\/\" \/>\n<meta property=\"og:locale\" content=\"es_ES\" \/>\n<meta property=\"og:type\" content=\"article\" \/>\n<meta property=\"og:title\" content=\"CONSTRUCCI\u00d3N DE UNA ESCUELA INFANTIL CON MADERA CONTRA LAMINADA CLT - SECLASA\" \/>\n<meta property=\"og:description\" content=\"En Seclasa estamos acabando el montaje de un edificio para una escuela infantil con estructura de madera. Se trata de la Escuela Infantil de Sant Vicen\u00e7 dels Horts, un proyecto que se resuelve casi \u00edntegramente a partir de paneles de madera contra laminada CLT y j\u00e1cenas de madera laminada. Las cubiertas tambi\u00e9n se resuelven con [&hellip;]\" \/>\n<meta property=\"og:url\" content=\"https:\/\/seclasa.com\/es\/construccion-clt\/\" \/>\n<meta property=\"og:site_name\" content=\"SECLASA\" \/>\n<meta property=\"article:published_time\" content=\"2022-11-09T10:31:36+00:00\" \/>\n<meta property=\"article:modified_time\" content=\"2022-11-09T10:39:34+00:00\" \/>\n<meta property=\"og:image\" content=\"https:\/\/seclasa.com\/wp-content\/uploads\/2022\/11\/CLT1-1024x576.png\" \/>\n\t<meta property=\"og:image:width\" content=\"1024\" \/>\n\t<meta property=\"og:image:height\" content=\"576\" \/>\n\t<meta property=\"og:image:type\" content=\"image\/png\" \/>\n<meta name=\"twitter:card\" content=\"summary_large_image\" \/>\n<meta name=\"twitter:label1\" content=\"Escrito por\" \/>\n\t<meta name=\"twitter:data1\" content=\"\" \/>\n\t<meta name=\"twitter:label2\" content=\"Tiempo de lectura\" \/>\n\t<meta name=\"twitter:data2\" content=\"3 minutos\" \/>\n<script type=\"application\/ld+json\" class=\"yoast-schema-graph\">{\"@context\":\"https:\/\/schema.org\",\"@graph\":[{\"@type\":\"WebPage\",\"@id\":\"https:\/\/seclasa.com\/es\/construccion-clt\/\",\"url\":\"https:\/\/seclasa.com\/es\/construccion-clt\/\",\"name\":\"CONSTRUCCI\u00d3N DE UNA ESCUELA INFANTIL CON MADERA CONTRA LAMINADA CLT - SECLASA\",\"isPartOf\":{\"@id\":\"https:\/\/seclasa.com\/es\/#website\"},\"primaryImageOfPage\":{\"@id\":\"https:\/\/seclasa.com\/es\/construccion-clt\/#primaryimage\"},\"image\":{\"@id\":\"https:\/\/seclasa.com\/es\/construccion-clt\/#primaryimage\"},\"thumbnailUrl\":\"https:\/\/seclasa.com\/wp-content\/uploads\/2022\/11\/CLT1.png\",\"datePublished\":\"2022-11-09T10:31:36+00:00\",\"dateModified\":\"2022-11-09T10:39:34+00:00\",\"author\":{\"@id\":\"\"},\"breadcrumb\":{\"@id\":\"https:\/\/seclasa.com\/es\/construccion-clt\/#breadcrumb\"},\"inLanguage\":\"es\",\"potentialAction\":[{\"@type\":\"ReadAction\",\"target\":[\"https:\/\/seclasa.com\/es\/construccion-clt\/\"]}]},{\"@type\":\"ImageObject\",\"inLanguage\":\"es\",\"@id\":\"https:\/\/seclasa.com\/es\/construccion-clt\/#primaryimage\",\"url\":\"https:\/\/seclasa.com\/wp-content\/uploads\/2022\/11\/CLT1.png\",\"contentUrl\":\"https:\/\/seclasa.com\/wp-content\/uploads\/2022\/11\/CLT1.png\",\"width\":1920,\"height\":1080},{\"@type\":\"BreadcrumbList\",\"@id\":\"https:\/\/seclasa.com\/es\/construccion-clt\/#breadcrumb\",\"itemListElement\":[{\"@type\":\"ListItem\",\"position\":1,\"name\":\"Inici\",\"item\":\"https:\/\/seclasa.com\/es\/\"},{\"@type\":\"ListItem\",\"position\":2,\"name\":\"CONSTRUCCI\u00d3N DE UNA ESCUELA INFANTIL CON MADERA CONTRA LAMINADA CLT\"}]},{\"@type\":\"WebSite\",\"@id\":\"https:\/\/seclasa.com\/es\/#website\",\"url\":\"https:\/\/seclasa.com\/es\/\",\"name\":\"SECLASA\",\"description\":\"Construcci\u00f3 i rehabilitaci\u00f3\",\"potentialAction\":[{\"@type\":\"SearchAction\",\"target\":{\"@type\":\"EntryPoint\",\"urlTemplate\":\"https:\/\/seclasa.com\/es\/?s={search_term_string}\"},\"query-input\":{\"@type\":\"PropertyValueSpecification\",\"valueRequired\":true,\"valueName\":\"search_term_string\"}}],\"inLanguage\":\"es\"},{\"@type\":\"Person\",\"@id\":\"\",\"url\":\"https:\/\/seclasa.com\/es\/author\/\"}]}<\/script>\n<!-- \/ Yoast SEO plugin. -->","yoast_head_json":{"title":"CONSTRUCCI\u00d3N DE UNA ESCUELA INFANTIL CON MADERA CONTRA LAMINADA CLT - SECLASA","robots":{"index":"index","follow":"follow","max-snippet":"max-snippet:-1","max-image-preview":"max-image-preview:large","max-video-preview":"max-video-preview:-1"},"canonical":"https:\/\/seclasa.com\/es\/construccion-clt\/","og_locale":"es_ES","og_type":"article","og_title":"CONSTRUCCI\u00d3N DE UNA ESCUELA INFANTIL CON MADERA CONTRA LAMINADA CLT - SECLASA","og_description":"En Seclasa estamos acabando el montaje de un edificio para una escuela infantil con estructura de madera. Se trata de la Escuela Infantil de Sant Vicen\u00e7 dels Horts, un proyecto que se resuelve casi \u00edntegramente a partir de paneles de madera contra laminada CLT y j\u00e1cenas de madera laminada. Las cubiertas tambi\u00e9n se resuelven con [&hellip;]","og_url":"https:\/\/seclasa.com\/es\/construccion-clt\/","og_site_name":"SECLASA","article_published_time":"2022-11-09T10:31:36+00:00","article_modified_time":"2022-11-09T10:39:34+00:00","og_image":[{"width":1024,"height":576,"url":"https:\/\/seclasa.com\/wp-content\/uploads\/2022\/11\/CLT1-1024x576.png","type":"image\/png"}],"twitter_card":"summary_large_image","twitter_misc":{"Escrito por":"","Tiempo de lectura":"3 minutos"},"schema":{"@context":"https:\/\/schema.org","@graph":[{"@type":"WebPage","@id":"https:\/\/seclasa.com\/es\/construccion-clt\/","url":"https:\/\/seclasa.com\/es\/construccion-clt\/","name":"CONSTRUCCI\u00d3N DE UNA ESCUELA INFANTIL CON MADERA CONTRA LAMINADA CLT - SECLASA","isPartOf":{"@id":"https:\/\/seclasa.com\/es\/#website"},"primaryImageOfPage":{"@id":"https:\/\/seclasa.com\/es\/construccion-clt\/#primaryimage"},"image":{"@id":"https:\/\/seclasa.com\/es\/construccion-clt\/#primaryimage"},"thumbnailUrl":"https:\/\/seclasa.com\/wp-content\/uploads\/2022\/11\/CLT1.png","datePublished":"2022-11-09T10:31:36+00:00","dateModified":"2022-11-09T10:39:34+00:00","author":{"@id":""},"breadcrumb":{"@id":"https:\/\/seclasa.com\/es\/construccion-clt\/#breadcrumb"},"inLanguage":"es","potentialAction":[{"@type":"ReadAction","target":["https:\/\/seclasa.com\/es\/construccion-clt\/"]}]},{"@type":"ImageObject","inLanguage":"es","@id":"https:\/\/seclasa.com\/es\/construccion-clt\/#primaryimage","url":"https:\/\/seclasa.com\/wp-content\/uploads\/2022\/11\/CLT1.png","contentUrl":"https:\/\/seclasa.com\/wp-content\/uploads\/2022\/11\/CLT1.png","width":1920,"height":1080},{"@type":"BreadcrumbList","@id":"https:\/\/seclasa.com\/es\/construccion-clt\/#breadcrumb","itemListElement":[{"@type":"ListItem","position":1,"name":"Inici","item":"https:\/\/seclasa.com\/es\/"},{"@type":"ListItem","position":2,"name":"CONSTRUCCI\u00d3N DE UNA ESCUELA INFANTIL CON MADERA CONTRA LAMINADA CLT"}]},{"@type":"WebSite","@id":"https:\/\/seclasa.com\/es\/#website","url":"https:\/\/seclasa.com\/es\/","name":"SECLASA","description":"Construcci\u00f3 i rehabilitaci\u00f3","potentialAction":[{"@type":"SearchAction","target":{"@type":"EntryPoint","urlTemplate":"https:\/\/seclasa.com\/es\/?s={search_term_string}"},"query-input":{"@type":"PropertyValueSpecification","valueRequired":true,"valueName":"search_term_string"}}],"inLanguage":"es"},{"@type":"Person","@id":"","url":"https:\/\/seclasa.com\/es\/author\/"}]}},"_links":{"self":[{"href":"https:\/\/seclasa.com\/es\/wp-json\/wp\/v2\/posts\/10320","targetHints":{"allow":["GET"]}}],"collection":[{"href":"https:\/\/seclasa.com\/es\/wp-json\/wp\/v2\/posts"}],"about":[{"href":"https:\/\/seclasa.com\/es\/wp-json\/wp\/v2\/types\/post"}],"author":[{"embeddable":true,"href":"https:\/\/seclasa.com\/es\/wp-json\/wp\/v2\/users\/3"}],"replies":[{"embeddable":true,"href":"https:\/\/seclasa.com\/es\/wp-json\/wp\/v2\/comments?post=10320"}],"version-history":[{"count":2,"href":"https:\/\/seclasa.com\/es\/wp-json\/wp\/v2\/posts\/10320\/revisions"}],"predecessor-version":[{"id":10323,"href":"https:\/\/seclasa.com\/es\/wp-json\/wp\/v2\/posts\/10320\/revisions\/10323"}],"wp:featuredmedia":[{"embeddable":true,"href":"https:\/\/seclasa.com\/es\/wp-json\/wp\/v2\/media\/10309"}],"wp:attachment":[{"href":"https:\/\/seclasa.com\/es\/wp-json\/wp\/v2\/media?parent=10320"}],"wp:term":[{"taxonomy":"category","embeddable":true,"href":"https:\/\/seclasa.com\/es\/wp-json\/wp\/v2\/categories?post=10320"},{"taxonomy":"post_tag","embeddable":true,"href":"https:\/\/seclasa.com\/es\/wp-json\/wp\/v2\/tags?post=10320"}],"curies":[{"name":"wp","href":"https:\/\/api.w.org\/{rel}","templated":true}]}}